{"id":1154,"date":"2023-11-22T10:03:10","date_gmt":"2023-11-22T09:03:10","guid":{"rendered":"http:\/\/gonnxhm.cluster028.hosting.ovh.net\/?p=1154"},"modified":"2025-05-07T13:11:04","modified_gmt":"2025-05-07T11:11:04","slug":"projet-1","status":"publish","type":"post","link":"https:\/\/www.sophie-proust.fr\/index.php\/2023\/11\/22\/projet-1\/","title":{"rendered":"Salon musique"},"content":{"rendered":"<div class=\"fusion-fullwidth fullwidth-box fusion-builder-row-1 fusion-flex-container has-pattern-background has-mask-background nonhundred-percent-fullwidth non-hundred-percent-height-scrolling\" style=\"--awb-border-radius-top-left:0px;--awb-border-radius-top-right:0px;--awb-border-radius-bottom-right:0px;--awb-border-radius-bottom-left:0px;--awb-flex-wrap:wrap;\" ><div class=\"fusion-builder-row fusion-row fusion-flex-align-items-flex-start fusion-flex-justify-content-center fusion-flex-content-wrap\" style=\"max-width:1216.8px;margin-left: calc(-4% \/ 2 );margin-right: calc(-4% \/ 2 );\"><div class=\"fusion-layout-column fusion_builder_column fusion-builder-column-0 fusion_builder_column_2_3 2_3 fusion-flex-column\" style=\"--awb-bg-blend:overlay;--awb-bg-size:cover;--awb-width-large:66.666666666667%;--awb-margin-top-large:0px;--awb-spacing-right-large:2.88%;--awb-margin-bottom-large:0px;--awb-spacing-left-large:2.88%;--awb-width-medium:100%;--awb-spacing-right-medium:1.92%;--awb-spacing-left-medium:1.92%;--awb-width-small:100%;--awb-spacing-right-small:1.92%;--awb-spacing-left-small:1.92%;\"><div class=\"fusion-column-wrapper fusion-flex-justify-content-flex-start fusion-content-layout-column\"><div class=\"fusion-text fusion-text-1\"><h3>Un espace de d\u00e9tente et de convivialit\u00e9 autour de la chemin\u00e9e.<\/h3>\n<p>Un parquet bois et des murs chauds en opposition avec un plafond et une baie vitr\u00e9e dans des tons plus froids. Ce dialogue de tonalit\u00e9 convient pour un espace de vie accueillant, intemporel et permet de s\u2019adapter avec tout type de climat et de luminosit\u00e9 dans notre r\u00e9gion.<\/p>\n<p>Des rangements cach\u00e9s derri\u00e8re un agencement sur mesure permettent d&rsquo;int\u00e9grer un bar (porte amovible avec rangements int\u00e9gr\u00e9s), des enceintes (caisson de basse et m\u00e9dium), un b\u00fbchet vertical proche de la chemin\u00e9e (pour les b\u00fbches !), des \u00e9tag\u00e8res pour la vaisselle&#8230; et tout ce que l&rsquo;on veut cacher mais avoir \u00e0 proximit\u00e9 ! Un \u00e9clairage led int\u00e9gr\u00e9 illumine la chemin\u00e9e pour des soir\u00e9es cocooning, des suspensions permettent d&rsquo;\u00e9clairer la zone au-dessus des tables basses. Les clients peuvent aussi admirer les tableaux et photos expos\u00e9es gr\u00e2ce aux spots encastr\u00e9s (orient\u00e9s vers les \u0153uvres).<\/p>\n<\/div><\/div><\/div><div class=\"fusion-layout-column fusion_builder_column fusion-builder-column-1 fusion_builder_column_1_1 1_1 fusion-flex-column\" style=\"--awb-bg-size:cover;--awb-width-large:100%;--awb-margin-top-large:0px;--awb-spacing-right-large:1.92%;--awb-margin-bottom-large:20px;--awb-spacing-left-large:1.92%;--awb-width-medium:100%;--awb-order-medium:0;--awb-spacing-right-medium:1.92%;--awb-spacing-left-medium:1.92%;--awb-width-small:100%;--awb-order-small:0;--awb-spacing-right-small:1.92%;--awb-spacing-left-small:1.92%;\"><div class=\"fusion-column-wrapper fusion-column-has-shadow fusion-flex-justify-content-flex-start fusion-content-layout-column\"><div class=\"fusion-image-element \" style=\"text-align:center;--awb-caption-title-font-family:var(--h2_typography-font-family);--awb-caption-title-font-weight:var(--h2_typography-font-weight);--awb-caption-title-font-style:var(--h2_typography-font-style);--awb-caption-title-size:var(--h2_typography-font-size);--awb-caption-title-transform:var(--h2_typography-text-transform);--awb-caption-title-line-height:var(--h2_typography-line-height);--awb-caption-title-letter-spacing:var(--h2_typography-letter-spacing);\"><span class=\" fusion-imageframe imageframe-none imageframe-1 hover-type-none\"><img decoding=\"async\" width=\"1024\" height=\"683\" title=\"Corrections_Photos_ARCHI D HALLES-1\" src=\"https:\/\/www.sophie-proust.fr\/wp-content\/uploads\/2025\/01\/Corrections_Photos_ARCHI-D-HALLES-1.jpg\" data-orig-src=\"https:\/\/www.sophie-proust.fr\/wp-content\/uploads\/2025\/01\/Corrections_Photos_ARCHI-D-HALLES-1-1024x683.jpg\" alt class=\"lazyload img-responsive wp-image-1891\" srcset=\"data:image\/svg+xml,%3Csvg%20xmlns%3D%27http%3A%2F%2Fwww.w3.org%2F2000%2Fsvg%27%20width%3D%271920%27%20height%3D%271280%27%20viewBox%3D%270%200%201920%201280%27%3E%3Crect%20width%3D%271920%27%20height%3D%271280%27%20fill-opacity%3D%220%22%2F%3E%3C%2Fsvg%3E\" data-srcset=\"https:\/\/www.sophie-proust.fr\/wp-content\/uploads\/2025\/01\/Corrections_Photos_ARCHI-D-HALLES-1-200x133.jpg 200w, https:\/\/www.sophie-proust.fr\/wp-content\/uploads\/2025\/01\/Corrections_Photos_ARCHI-D-HALLES-1-400x267.jpg 400w, https:\/\/www.sophie-proust.fr\/wp-content\/uploads\/2025\/01\/Corrections_Photos_ARCHI-D-HALLES-1-600x400.jpg 600w, https:\/\/www.sophie-proust.fr\/wp-content\/uploads\/2025\/01\/Corrections_Photos_ARCHI-D-HALLES-1-800x533.jpg 800w, https:\/\/www.sophie-proust.fr\/wp-content\/uploads\/2025\/01\/Corrections_Photos_ARCHI-D-HALLES-1-1200x800.jpg 1200w, https:\/\/www.sophie-proust.fr\/wp-content\/uploads\/2025\/01\/Corrections_Photos_ARCHI-D-HALLES-1.jpg 1920w\" data-sizes=\"auto\" data-orig-sizes=\"(max-width: 1023px) 100vw, (max-width: 640px) 100vw, 1200px\" \/><\/span><\/div><div class=\"fusion-image-element \" style=\"text-align:center;--awb-caption-title-font-family:var(--h2_typography-font-family);--awb-caption-title-font-weight:var(--h2_typography-font-weight);--awb-caption-title-font-style:var(--h2_typography-font-style);--awb-caption-title-size:var(--h2_typography-font-size);--awb-caption-title-transform:var(--h2_typography-text-transform);--awb-caption-title-line-height:var(--h2_typography-line-height);--awb-caption-title-letter-spacing:var(--h2_typography-letter-spacing);\"><span class=\" fusion-imageframe imageframe-none imageframe-2 hover-type-none\"><img decoding=\"async\" width=\"1024\" height=\"683\" title=\"Corrections_Photos_ARCHI D HALLES-2\" src=\"https:\/\/www.sophie-proust.fr\/wp-content\/uploads\/2025\/01\/Corrections_Photos_ARCHI-D-HALLES-2.jpg\" data-orig-src=\"https:\/\/www.sophie-proust.fr\/wp-content\/uploads\/2025\/01\/Corrections_Photos_ARCHI-D-HALLES-2-1024x683.jpg\" alt class=\"lazyload img-responsive wp-image-1921\" srcset=\"data:image\/svg+xml,%3Csvg%20xmlns%3D%27http%3A%2F%2Fwww.w3.org%2F2000%2Fsvg%27%20width%3D%271920%27%20height%3D%271280%27%20viewBox%3D%270%200%201920%201280%27%3E%3Crect%20width%3D%271920%27%20height%3D%271280%27%20fill-opacity%3D%220%22%2F%3E%3C%2Fsvg%3E\" data-srcset=\"https:\/\/www.sophie-proust.fr\/wp-content\/uploads\/2025\/01\/Corrections_Photos_ARCHI-D-HALLES-2-200x133.jpg 200w, https:\/\/www.sophie-proust.fr\/wp-content\/uploads\/2025\/01\/Corrections_Photos_ARCHI-D-HALLES-2-400x267.jpg 400w, https:\/\/www.sophie-proust.fr\/wp-content\/uploads\/2025\/01\/Corrections_Photos_ARCHI-D-HALLES-2-600x400.jpg 600w, https:\/\/www.sophie-proust.fr\/wp-content\/uploads\/2025\/01\/Corrections_Photos_ARCHI-D-HALLES-2-800x533.jpg 800w, https:\/\/www.sophie-proust.fr\/wp-content\/uploads\/2025\/01\/Corrections_Photos_ARCHI-D-HALLES-2-1200x800.jpg 1200w, https:\/\/www.sophie-proust.fr\/wp-content\/uploads\/2025\/01\/Corrections_Photos_ARCHI-D-HALLES-2.jpg 1920w\" data-sizes=\"auto\" data-orig-sizes=\"(max-width: 1023px) 100vw, (max-width: 640px) 100vw, 1200px\" \/><\/span><\/div><div class=\"fusion-image-element \" style=\"text-align:center;--awb-caption-title-font-family:var(--h2_typography-font-family);--awb-caption-title-font-weight:var(--h2_typography-font-weight);--awb-caption-title-font-style:var(--h2_typography-font-style);--awb-caption-title-size:var(--h2_typography-font-size);--awb-caption-title-transform:var(--h2_typography-text-transform);--awb-caption-title-line-height:var(--h2_typography-line-height);--awb-caption-title-letter-spacing:var(--h2_typography-letter-spacing);\"><span class=\" fusion-imageframe imageframe-none imageframe-3 hover-type-none\"><img decoding=\"async\" width=\"1024\" height=\"683\" title=\"Se\u0301ance Photos_du_15-10-24_Archi Des Halles-11\" src=\"https:\/\/www.sophie-proust.fr\/wp-content\/uploads\/2025\/01\/Seance-Photos_du_15-10-24_Archi-Des-Halles-11.jpg\" data-orig-src=\"https:\/\/www.sophie-proust.fr\/wp-content\/uploads\/2025\/01\/Seance-Photos_du_15-10-24_Archi-Des-Halles-11-1024x683.jpg\" alt class=\"lazyload img-responsive wp-image-1896\" srcset=\"data:image\/svg+xml,%3Csvg%20xmlns%3D%27http%3A%2F%2Fwww.w3.org%2F2000%2Fsvg%27%20width%3D%271920%27%20height%3D%271280%27%20viewBox%3D%270%200%201920%201280%27%3E%3Crect%20width%3D%271920%27%20height%3D%271280%27%20fill-opacity%3D%220%22%2F%3E%3C%2Fsvg%3E\" data-srcset=\"https:\/\/www.sophie-proust.fr\/wp-content\/uploads\/2025\/01\/Seance-Photos_du_15-10-24_Archi-Des-Halles-11-200x133.jpg 200w, https:\/\/www.sophie-proust.fr\/wp-content\/uploads\/2025\/01\/Seance-Photos_du_15-10-24_Archi-Des-Halles-11-400x267.jpg 400w, https:\/\/www.sophie-proust.fr\/wp-content\/uploads\/2025\/01\/Seance-Photos_du_15-10-24_Archi-Des-Halles-11-600x400.jpg 600w, https:\/\/www.sophie-proust.fr\/wp-content\/uploads\/2025\/01\/Seance-Photos_du_15-10-24_Archi-Des-Halles-11-800x533.jpg 800w, https:\/\/www.sophie-proust.fr\/wp-content\/uploads\/2025\/01\/Seance-Photos_du_15-10-24_Archi-Des-Halles-11-1200x800.jpg 1200w, https:\/\/www.sophie-proust.fr\/wp-content\/uploads\/2025\/01\/Seance-Photos_du_15-10-24_Archi-Des-Halles-11.jpg 1920w\" data-sizes=\"auto\" data-orig-sizes=\"(max-width: 1023px) 100vw, (max-width: 640px) 100vw, 1200px\" \/><\/span><\/div><div class=\"fusion-image-element \" style=\"text-align:center;--awb-caption-title-font-family:var(--h2_typography-font-family);--awb-caption-title-font-weight:var(--h2_typography-font-weight);--awb-caption-title-font-style:var(--h2_typography-font-style);--awb-caption-title-size:var(--h2_typography-font-size);--awb-caption-title-transform:var(--h2_typography-text-transform);--awb-caption-title-line-height:var(--h2_typography-line-height);--awb-caption-title-letter-spacing:var(--h2_typography-letter-spacing);\"><span class=\" fusion-imageframe imageframe-none imageframe-4 hover-type-none\"><img decoding=\"async\" width=\"1024\" height=\"683\" title=\"Se\u0301ance Photos_du_15-10-24_Archi Des Halles-16\" src=\"https:\/\/www.sophie-proust.fr\/wp-content\/uploads\/2025\/01\/Seance-Photos_du_15-10-24_Archi-Des-Halles-16.jpg\" data-orig-src=\"https:\/\/www.sophie-proust.fr\/wp-content\/uploads\/2025\/01\/Seance-Photos_du_15-10-24_Archi-Des-Halles-16-1024x683.jpg\" alt class=\"lazyload img-responsive wp-image-1898\" srcset=\"data:image\/svg+xml,%3Csvg%20xmlns%3D%27http%3A%2F%2Fwww.w3.org%2F2000%2Fsvg%27%20width%3D%271920%27%20height%3D%271280%27%20viewBox%3D%270%200%201920%201280%27%3E%3Crect%20width%3D%271920%27%20height%3D%271280%27%20fill-opacity%3D%220%22%2F%3E%3C%2Fsvg%3E\" data-srcset=\"https:\/\/www.sophie-proust.fr\/wp-content\/uploads\/2025\/01\/Seance-Photos_du_15-10-24_Archi-Des-Halles-16-200x133.jpg 200w, https:\/\/www.sophie-proust.fr\/wp-content\/uploads\/2025\/01\/Seance-Photos_du_15-10-24_Archi-Des-Halles-16-400x267.jpg 400w, https:\/\/www.sophie-proust.fr\/wp-content\/uploads\/2025\/01\/Seance-Photos_du_15-10-24_Archi-Des-Halles-16-600x400.jpg 600w, https:\/\/www.sophie-proust.fr\/wp-content\/uploads\/2025\/01\/Seance-Photos_du_15-10-24_Archi-Des-Halles-16-800x533.jpg 800w, https:\/\/www.sophie-proust.fr\/wp-content\/uploads\/2025\/01\/Seance-Photos_du_15-10-24_Archi-Des-Halles-16-1200x800.jpg 1200w, https:\/\/www.sophie-proust.fr\/wp-content\/uploads\/2025\/01\/Seance-Photos_du_15-10-24_Archi-Des-Halles-16.jpg 1920w\" data-sizes=\"auto\" data-orig-sizes=\"(max-width: 1023px) 100vw, (max-width: 640px) 100vw, 1200px\" \/><\/span><\/div><div class=\"fusion-image-element \" style=\"text-align:center;--awb-caption-title-font-family:var(--h2_typography-font-family);--awb-caption-title-font-weight:var(--h2_typography-font-weight);--awb-caption-title-font-style:var(--h2_typography-font-style);--awb-caption-title-size:var(--h2_typography-font-size);--awb-caption-title-transform:var(--h2_typography-text-transform);--awb-caption-title-line-height:var(--h2_typography-line-height);--awb-caption-title-letter-spacing:var(--h2_typography-letter-spacing);\"><span class=\" fusion-imageframe imageframe-none imageframe-5 hover-type-none\"><img decoding=\"async\" width=\"1024\" height=\"683\" title=\"Se\u0301ance Photos_du_15-10-24_Archi Des Halles-12\" src=\"https:\/\/www.sophie-proust.fr\/wp-content\/uploads\/2025\/01\/Seance-Photos_du_15-10-24_Archi-Des-Halles-12.jpg\" data-orig-src=\"https:\/\/www.sophie-proust.fr\/wp-content\/uploads\/2025\/01\/Seance-Photos_du_15-10-24_Archi-Des-Halles-12-1024x683.jpg\" alt class=\"lazyload img-responsive wp-image-1922\" srcset=\"data:image\/svg+xml,%3Csvg%20xmlns%3D%27http%3A%2F%2Fwww.w3.org%2F2000%2Fsvg%27%20width%3D%271920%27%20height%3D%271280%27%20viewBox%3D%270%200%201920%201280%27%3E%3Crect%20width%3D%271920%27%20height%3D%271280%27%20fill-opacity%3D%220%22%2F%3E%3C%2Fsvg%3E\" data-srcset=\"https:\/\/www.sophie-proust.fr\/wp-content\/uploads\/2025\/01\/Seance-Photos_du_15-10-24_Archi-Des-Halles-12-200x133.jpg 200w, https:\/\/www.sophie-proust.fr\/wp-content\/uploads\/2025\/01\/Seance-Photos_du_15-10-24_Archi-Des-Halles-12-400x267.jpg 400w, https:\/\/www.sophie-proust.fr\/wp-content\/uploads\/2025\/01\/Seance-Photos_du_15-10-24_Archi-Des-Halles-12-600x400.jpg 600w, https:\/\/www.sophie-proust.fr\/wp-content\/uploads\/2025\/01\/Seance-Photos_du_15-10-24_Archi-Des-Halles-12-800x533.jpg 800w, https:\/\/www.sophie-proust.fr\/wp-content\/uploads\/2025\/01\/Seance-Photos_du_15-10-24_Archi-Des-Halles-12-1200x800.jpg 1200w, https:\/\/www.sophie-proust.fr\/wp-content\/uploads\/2025\/01\/Seance-Photos_du_15-10-24_Archi-Des-Halles-12.jpg 1920w\" data-sizes=\"auto\" data-orig-sizes=\"(max-width: 1023px) 100vw, (max-width: 640px) 100vw, 1200px\" \/><\/span><\/div><\/div><\/div><\/div><\/div>\n","protected":false},"excerpt":{"rendered":"","protected":false},"author":1,"featured_media":1169,"comment_status":"closed","ping_status":"open","sticky":false,"template":"","format":"standard","meta":{"footnotes":""},"categories":[24,1,32],"tags":[],"class_list":["post-1154","post","type-post","status-publish","format-standard","has-post-thumbnail","hentry","category-architecture-interieure","category-non-classe","category-salon"],"yoast_head":"<!-- This site is optimized with the Yoast SEO plugin v26.6 - https:\/\/yoast.com\/wordpress\/plugins\/seo\/ -->\n<title>Salon musique - Sophie Proust<\/title>\n<meta name=\"robots\" content=\"index, follow, max-snippet:-1, max-image-preview:large, max-video-preview:-1\" \/>\n<link rel=\"canonical\" href=\"https:\/\/www.sophie-proust.fr\/index.php\/2023\/11\/22\/projet-1\/\" \/>\n<meta property=\"og:locale\" content=\"fr_FR\" \/>\n<meta property=\"og:type\" content=\"article\" \/>\n<meta property=\"og:title\" content=\"Salon musique - Sophie Proust\" \/>\n<meta property=\"og:url\" content=\"https:\/\/www.sophie-proust.fr\/index.php\/2023\/11\/22\/projet-1\/\" \/>\n<meta property=\"og:site_name\" content=\"Sophie Proust\" \/>\n<meta property=\"article:published_time\" content=\"2023-11-22T09:03:10+00:00\" \/>\n<meta property=\"article:modified_time\" content=\"2025-05-07T11:11:04+00:00\" \/>\n<meta property=\"og:image\" content=\"https:\/\/www.sophie-proust.fr\/wp-content\/uploads\/2023\/11\/2016-M_01.jpg\" \/>\n\t<meta property=\"og:image:width\" content=\"1500\" \/>\n\t<meta property=\"og:image:height\" content=\"1001\" \/>\n\t<meta property=\"og:image:type\" content=\"image\/jpeg\" \/>\n<meta name=\"author\" content=\"Sophie Proust\" \/>\n<meta name=\"twitter:card\" content=\"summary_large_image\" \/>\n<meta name=\"twitter:label1\" content=\"\u00c9crit par\" \/>\n\t<meta name=\"twitter:data1\" content=\"Sophie Proust\" \/>\n\t<meta name=\"twitter:label2\" content=\"Dur\u00e9e de lecture estim\u00e9e\" \/>\n\t<meta name=\"twitter:data2\" content=\"2 minutes\" \/>\n<script type=\"application\/ld+json\" class=\"yoast-schema-graph\">{\"@context\":\"https:\/\/schema.org\",\"@graph\":[{\"@type\":\"Article\",\"@id\":\"https:\/\/www.sophie-proust.fr\/index.php\/2023\/11\/22\/projet-1\/#article\",\"isPartOf\":{\"@id\":\"https:\/\/www.sophie-proust.fr\/index.php\/2023\/11\/22\/projet-1\/\"},\"author\":{\"name\":\"Sophie Proust\",\"@id\":\"https:\/\/www.sophie-proust.fr\/#\/schema\/person\/725ce2d6dd2074103a0d758c5a090eda\"},\"headline\":\"Salon musique\",\"datePublished\":\"2023-11-22T09:03:10+00:00\",\"dateModified\":\"2025-05-07T11:11:04+00:00\",\"mainEntityOfPage\":{\"@id\":\"https:\/\/www.sophie-proust.fr\/index.php\/2023\/11\/22\/projet-1\/\"},\"wordCount\":2696,\"publisher\":{\"@id\":\"https:\/\/www.sophie-proust.fr\/#\/schema\/person\/725ce2d6dd2074103a0d758c5a090eda\"},\"image\":{\"@id\":\"https:\/\/www.sophie-proust.fr\/index.php\/2023\/11\/22\/projet-1\/#primaryimage\"},\"thumbnailUrl\":\"https:\/\/www.sophie-proust.fr\/wp-content\/uploads\/2023\/11\/2016-M_01.jpg\",\"articleSection\":{\"0\":\"Architecture int\u00e9rieure\",\"2\":\"Salon\"},\"inLanguage\":\"fr-FR\"},{\"@type\":\"WebPage\",\"@id\":\"https:\/\/www.sophie-proust.fr\/index.php\/2023\/11\/22\/projet-1\/\",\"url\":\"https:\/\/www.sophie-proust.fr\/index.php\/2023\/11\/22\/projet-1\/\",\"name\":\"Salon musique - Sophie Proust\",\"isPartOf\":{\"@id\":\"https:\/\/www.sophie-proust.fr\/#website\"},\"primaryImageOfPage\":{\"@id\":\"https:\/\/www.sophie-proust.fr\/index.php\/2023\/11\/22\/projet-1\/#primaryimage\"},\"image\":{\"@id\":\"https:\/\/www.sophie-proust.fr\/index.php\/2023\/11\/22\/projet-1\/#primaryimage\"},\"thumbnailUrl\":\"https:\/\/www.sophie-proust.fr\/wp-content\/uploads\/2023\/11\/2016-M_01.jpg\",\"datePublished\":\"2023-11-22T09:03:10+00:00\",\"dateModified\":\"2025-05-07T11:11:04+00:00\",\"breadcrumb\":{\"@id\":\"https:\/\/www.sophie-proust.fr\/index.php\/2023\/11\/22\/projet-1\/#breadcrumb\"},\"inLanguage\":\"fr-FR\",\"potentialAction\":[{\"@type\":\"ReadAction\",\"target\":[\"https:\/\/www.sophie-proust.fr\/index.php\/2023\/11\/22\/projet-1\/\"]}]},{\"@type\":\"ImageObject\",\"inLanguage\":\"fr-FR\",\"@id\":\"https:\/\/www.sophie-proust.fr\/index.php\/2023\/11\/22\/projet-1\/#primaryimage\",\"url\":\"https:\/\/www.sophie-proust.fr\/wp-content\/uploads\/2023\/11\/2016-M_01.jpg\",\"contentUrl\":\"https:\/\/www.sophie-proust.fr\/wp-content\/uploads\/2023\/11\/2016-M_01.jpg\",\"width\":1500,\"height\":1001},{\"@type\":\"BreadcrumbList\",\"@id\":\"https:\/\/www.sophie-proust.fr\/index.php\/2023\/11\/22\/projet-1\/#breadcrumb\",\"itemListElement\":[{\"@type\":\"ListItem\",\"position\":1,\"name\":\"Accueil\",\"item\":\"https:\/\/www.sophie-proust.fr\/\"},{\"@type\":\"ListItem\",\"position\":2,\"name\":\"Salon musique\"}]},{\"@type\":\"WebSite\",\"@id\":\"https:\/\/www.sophie-proust.fr\/#website\",\"url\":\"https:\/\/www.sophie-proust.fr\/\",\"name\":\"Sophie Proust\",\"description\":\"architecte d&#039;int\u00e9rieur - Angoul\u00eame, Cognac, Charente\",\"publisher\":{\"@id\":\"https:\/\/www.sophie-proust.fr\/#\/schema\/person\/725ce2d6dd2074103a0d758c5a090eda\"},\"potentialAction\":[{\"@type\":\"SearchAction\",\"target\":{\"@type\":\"EntryPoint\",\"urlTemplate\":\"https:\/\/www.sophie-proust.fr\/?s={search_term_string}\"},\"query-input\":{\"@type\":\"PropertyValueSpecification\",\"valueRequired\":true,\"valueName\":\"search_term_string\"}}],\"inLanguage\":\"fr-FR\"},{\"@type\":[\"Person\",\"Organization\"],\"@id\":\"https:\/\/www.sophie-proust.fr\/#\/schema\/person\/725ce2d6dd2074103a0d758c5a090eda\",\"name\":\"Sophie Proust\",\"image\":{\"@type\":\"ImageObject\",\"inLanguage\":\"fr-FR\",\"@id\":\"https:\/\/www.sophie-proust.fr\/#\/schema\/person\/image\/\",\"url\":\"https:\/\/www.sophie-proust.fr\/wp-content\/uploads\/2023\/11\/Sophie-Proust-logo-v13_logo-v04-72pp.png\",\"contentUrl\":\"https:\/\/www.sophie-proust.fr\/wp-content\/uploads\/2023\/11\/Sophie-Proust-logo-v13_logo-v04-72pp.png\",\"width\":1021,\"height\":1022,\"caption\":\"Sophie Proust\"},\"logo\":{\"@id\":\"https:\/\/www.sophie-proust.fr\/#\/schema\/person\/image\/\"},\"sameAs\":[\"https:\/\/www.sophie-proust.fr\"],\"url\":\"https:\/\/www.sophie-proust.fr\/index.php\/author\/admin1842\/\"}]}<\/script>\n<!-- \/ Yoast SEO plugin. -->","yoast_head_json":{"title":"Salon musique - Sophie Proust","robots":{"index":"index","follow":"follow","max-snippet":"max-snippet:-1","max-image-preview":"max-image-preview:large","max-video-preview":"max-video-preview:-1"},"canonical":"https:\/\/www.sophie-proust.fr\/index.php\/2023\/11\/22\/projet-1\/","og_locale":"fr_FR","og_type":"article","og_title":"Salon musique - Sophie Proust","og_url":"https:\/\/www.sophie-proust.fr\/index.php\/2023\/11\/22\/projet-1\/","og_site_name":"Sophie Proust","article_published_time":"2023-11-22T09:03:10+00:00","article_modified_time":"2025-05-07T11:11:04+00:00","og_image":[{"width":1500,"height":1001,"url":"https:\/\/www.sophie-proust.fr\/wp-content\/uploads\/2023\/11\/2016-M_01.jpg","type":"image\/jpeg"}],"author":"Sophie Proust","twitter_card":"summary_large_image","twitter_misc":{"\u00c9crit par":"Sophie Proust","Dur\u00e9e de lecture estim\u00e9e":"2 minutes"},"schema":{"@context":"https:\/\/schema.org","@graph":[{"@type":"Article","@id":"https:\/\/www.sophie-proust.fr\/index.php\/2023\/11\/22\/projet-1\/#article","isPartOf":{"@id":"https:\/\/www.sophie-proust.fr\/index.php\/2023\/11\/22\/projet-1\/"},"author":{"name":"Sophie Proust","@id":"https:\/\/www.sophie-proust.fr\/#\/schema\/person\/725ce2d6dd2074103a0d758c5a090eda"},"headline":"Salon musique","datePublished":"2023-11-22T09:03:10+00:00","dateModified":"2025-05-07T11:11:04+00:00","mainEntityOfPage":{"@id":"https:\/\/www.sophie-proust.fr\/index.php\/2023\/11\/22\/projet-1\/"},"wordCount":2696,"publisher":{"@id":"https:\/\/www.sophie-proust.fr\/#\/schema\/person\/725ce2d6dd2074103a0d758c5a090eda"},"image":{"@id":"https:\/\/www.sophie-proust.fr\/index.php\/2023\/11\/22\/projet-1\/#primaryimage"},"thumbnailUrl":"https:\/\/www.sophie-proust.fr\/wp-content\/uploads\/2023\/11\/2016-M_01.jpg","articleSection":{"0":"Architecture int\u00e9rieure","2":"Salon"},"inLanguage":"fr-FR"},{"@type":"WebPage","@id":"https:\/\/www.sophie-proust.fr\/index.php\/2023\/11\/22\/projet-1\/","url":"https:\/\/www.sophie-proust.fr\/index.php\/2023\/11\/22\/projet-1\/","name":"Salon musique - Sophie Proust","isPartOf":{"@id":"https:\/\/www.sophie-proust.fr\/#website"},"primaryImageOfPage":{"@id":"https:\/\/www.sophie-proust.fr\/index.php\/2023\/11\/22\/projet-1\/#primaryimage"},"image":{"@id":"https:\/\/www.sophie-proust.fr\/index.php\/2023\/11\/22\/projet-1\/#primaryimage"},"thumbnailUrl":"https:\/\/www.sophie-proust.fr\/wp-content\/uploads\/2023\/11\/2016-M_01.jpg","datePublished":"2023-11-22T09:03:10+00:00","dateModified":"2025-05-07T11:11:04+00:00","breadcrumb":{"@id":"https:\/\/www.sophie-proust.fr\/index.php\/2023\/11\/22\/projet-1\/#breadcrumb"},"inLanguage":"fr-FR","potentialAction":[{"@type":"ReadAction","target":["https:\/\/www.sophie-proust.fr\/index.php\/2023\/11\/22\/projet-1\/"]}]},{"@type":"ImageObject","inLanguage":"fr-FR","@id":"https:\/\/www.sophie-proust.fr\/index.php\/2023\/11\/22\/projet-1\/#primaryimage","url":"https:\/\/www.sophie-proust.fr\/wp-content\/uploads\/2023\/11\/2016-M_01.jpg","contentUrl":"https:\/\/www.sophie-proust.fr\/wp-content\/uploads\/2023\/11\/2016-M_01.jpg","width":1500,"height":1001},{"@type":"BreadcrumbList","@id":"https:\/\/www.sophie-proust.fr\/index.php\/2023\/11\/22\/projet-1\/#breadcrumb","itemListElement":[{"@type":"ListItem","position":1,"name":"Accueil","item":"https:\/\/www.sophie-proust.fr\/"},{"@type":"ListItem","position":2,"name":"Salon musique"}]},{"@type":"WebSite","@id":"https:\/\/www.sophie-proust.fr\/#website","url":"https:\/\/www.sophie-proust.fr\/","name":"Sophie Proust","description":"architecte d&#039;int\u00e9rieur - Angoul\u00eame, Cognac, Charente","publisher":{"@id":"https:\/\/www.sophie-proust.fr\/#\/schema\/person\/725ce2d6dd2074103a0d758c5a090eda"},"potentialAction":[{"@type":"SearchAction","target":{"@type":"EntryPoint","urlTemplate":"https:\/\/www.sophie-proust.fr\/?s={search_term_string}"},"query-input":{"@type":"PropertyValueSpecification","valueRequired":true,"valueName":"search_term_string"}}],"inLanguage":"fr-FR"},{"@type":["Person","Organization"],"@id":"https:\/\/www.sophie-proust.fr\/#\/schema\/person\/725ce2d6dd2074103a0d758c5a090eda","name":"Sophie Proust","image":{"@type":"ImageObject","inLanguage":"fr-FR","@id":"https:\/\/www.sophie-proust.fr\/#\/schema\/person\/image\/","url":"https:\/\/www.sophie-proust.fr\/wp-content\/uploads\/2023\/11\/Sophie-Proust-logo-v13_logo-v04-72pp.png","contentUrl":"https:\/\/www.sophie-proust.fr\/wp-content\/uploads\/2023\/11\/Sophie-Proust-logo-v13_logo-v04-72pp.png","width":1021,"height":1022,"caption":"Sophie Proust"},"logo":{"@id":"https:\/\/www.sophie-proust.fr\/#\/schema\/person\/image\/"},"sameAs":["https:\/\/www.sophie-proust.fr"],"url":"https:\/\/www.sophie-proust.fr\/index.php\/author\/admin1842\/"}]}},"_links":{"self":[{"href":"https:\/\/www.sophie-proust.fr\/index.php\/wp-json\/wp\/v2\/posts\/1154","targetHints":{"allow":["GET"]}}],"collection":[{"href":"https:\/\/www.sophie-proust.fr\/index.php\/wp-json\/wp\/v2\/posts"}],"about":[{"href":"https:\/\/www.sophie-proust.fr\/index.php\/wp-json\/wp\/v2\/types\/post"}],"author":[{"embeddable":true,"href":"https:\/\/www.sophie-proust.fr\/index.php\/wp-json\/wp\/v2\/users\/1"}],"replies":[{"embeddable":true,"href":"https:\/\/www.sophie-proust.fr\/index.php\/wp-json\/wp\/v2\/comments?post=1154"}],"version-history":[{"count":22,"href":"https:\/\/www.sophie-proust.fr\/index.php\/wp-json\/wp\/v2\/posts\/1154\/revisions"}],"predecessor-version":[{"id":1927,"href":"https:\/\/www.sophie-proust.fr\/index.php\/wp-json\/wp\/v2\/posts\/1154\/revisions\/1927"}],"wp:featuredmedia":[{"embeddable":true,"href":"https:\/\/www.sophie-proust.fr\/index.php\/wp-json\/wp\/v2\/media\/1169"}],"wp:attachment":[{"href":"https:\/\/www.sophie-proust.fr\/index.php\/wp-json\/wp\/v2\/media?parent=1154"}],"wp:term":[{"taxonomy":"category","embeddable":true,"href":"https:\/\/www.sophie-proust.fr\/index.php\/wp-json\/wp\/v2\/categories?post=1154"},{"taxonomy":"post_tag","embeddable":true,"href":"https:\/\/www.sophie-proust.fr\/index.php\/wp-json\/wp\/v2\/tags?post=1154"}],"curies":[{"name":"wp","href":"https:\/\/api.w.org\/{rel}","templated":true}]}}